{"id":693,"date":"2019-11-01T23:07:11","date_gmt":"2019-11-02T02:07:11","guid":{"rendered":"https:\/\/catedras.facet.unt.edu.ar\/labcc\/?p=693"},"modified":"2021-08-19T00:26:48","modified_gmt":"2021-08-19T03:26:48","slug":"viernes-de-tours-por-la-facet","status":"publish","type":"post","link":"https:\/\/catedras.facet.unt.edu.ar\/labcc\/2019\/11\/01\/viernes-de-tours-por-la-facet\/","title":{"rendered":"Viernes de Tours por la FACET"},"content":{"rendered":"<p>Hoy tuvimos el placer de recibir a profesores y estudiantes de varias escuelas secundarias del interior de la provincia de Tucum\u00e1n, como parte de un programa organizado por Tutor\u00eda Estudiantil Exactas.<\/p>\n<p><!--more-->Fue divertido poder charlar y mostrarles los tipos de proyectos que hacemos en LabCC, y mas importante, presentarles las posibilidades que tienen para formar su futuro en el \u00e1rea de la inform\u00e1tica. Nos alegro ver sus entusiasmo e inter\u00e9s en nuestras iniciativas mas l\u00fadicas, como el Club de Programaci\u00f3n Competitiva y el Club de Rob\u00f3tica. Esperamos que en el futuro los podamos volver a ver ya como integrantes de nuestra instituci\u00f3n de educaci\u00f3n superior, la Facultad de Ciencias Exactas y Tecnolog\u00eda de la Universidad Nacional de Tucum\u00e1n.<\/p>\n<p><a href=\"https:\/\/catedras.facet.unt.edu.ar\/labcc\/wp-content\/uploads\/sites\/114\/2019\/11\/Viernes-de-Tours-1-Ticiano-Torres-Peralta.jpeg\"><img loading=\"lazy\" class=\"alignnone size-thumbnail wp-image-694\" src=\"https:\/\/catedras.facet.unt.edu.ar\/labcc\/wp-content\/uploads\/sites\/114\/2019\/11\/Viernes-de-Tours-1-Ticiano-Torres-Peralta-150x150.jpeg\" alt=\"\" width=\"150\" height=\"150\" \/><\/a> <a href=\"https:\/\/catedras.facet.unt.edu.ar\/labcc\/wp-content\/uploads\/sites\/114\/2019\/11\/Viernes-de-Tours-2-Ticiano-Torres-Peralta.jpeg\"><img loading=\"lazy\" class=\"alignnone size-thumbnail wp-image-695\" src=\"https:\/\/catedras.facet.unt.edu.ar\/labcc\/wp-content\/uploads\/sites\/114\/2019\/11\/Viernes-de-Tours-2-Ticiano-Torres-Peralta-150x150.jpeg\" alt=\"\" width=\"150\" height=\"150\" \/><\/a> <a href=\"https:\/\/catedras.facet.unt.edu.ar\/labcc\/wp-content\/uploads\/sites\/114\/2019\/11\/Viernes-de-Tours-3-Ticiano-Torres-Peralta.jpeg\"><img loading=\"lazy\" class=\"alignnone size-thumbnail wp-image-696\" src=\"https:\/\/catedras.facet.unt.edu.ar\/labcc\/wp-content\/uploads\/sites\/114\/2019\/11\/Viernes-de-Tours-3-Ticiano-Torres-Peralta-150x150.jpeg\" alt=\"\" width=\"150\" height=\"150\" \/><\/a> <a href=\"https:\/\/catedras.facet.unt.edu.ar\/labcc\/wp-content\/uploads\/sites\/114\/2019\/11\/Viernes-de-Tours-4-Ticiano-Torres-Peralta.jpeg\"><img loading=\"lazy\" class=\"alignnone size-thumbnail wp-image-697\" src=\"https:\/\/catedras.facet.unt.edu.ar\/labcc\/wp-content\/uploads\/sites\/114\/2019\/11\/Viernes-de-Tours-4-Ticiano-Torres-Peralta-150x150.jpeg\" alt=\"\" width=\"150\" height=\"150\" \/><\/a> <a href=\"https:\/\/catedras.facet.unt.edu.ar\/labcc\/wp-content\/uploads\/sites\/114\/2019\/11\/Viernes-de-Tours-5-Ticiano-Torres-Peralta.jpeg\"><img loading=\"lazy\" class=\"alignnone size-thumbnail wp-image-698\" src=\"https:\/\/catedras.facet.unt.edu.ar\/labcc\/wp-content\/uploads\/sites\/114\/2019\/11\/Viernes-de-Tours-5-Ticiano-Torres-Peralta-150x150.jpeg\" alt=\"\" width=\"150\" height=\"150\" \/><\/a> <a href=\"https:\/\/catedras.facet.unt.edu.ar\/labcc\/wp-content\/uploads\/sites\/114\/2019\/11\/Viernes-de-Tours-6-Ticiano-Torres-Peralta.jpeg\"><img loading=\"lazy\" class=\"alignnone size-thumbnail wp-image-699\" src=\"https:\/\/catedras.facet.unt.edu.ar\/labcc\/wp-content\/uploads\/sites\/114\/2019\/11\/Viernes-de-Tours-6-Ticiano-Torres-Peralta-150x150.jpeg\" alt=\"\" width=\"150\" height=\"150\" \/><\/a> <a href=\"https:\/\/catedras.facet.unt.edu.ar\/labcc\/wp-content\/uploads\/sites\/114\/2019\/11\/Viernes-de-Tours-7-Ticiano-Torres-Peralta.jpeg\"><img loading=\"lazy\" class=\"alignnone size-thumbnail wp-image-700\" src=\"https:\/\/catedras.facet.unt.edu.ar\/labcc\/wp-content\/uploads\/sites\/114\/2019\/11\/Viernes-de-Tours-7-Ticiano-Torres-Peralta-150x150.jpeg\" alt=\"\" width=\"150\" height=\"150\" \/><\/a> <a href=\"https:\/\/catedras.facet.unt.edu.ar\/labcc\/wp-content\/uploads\/sites\/114\/2019\/11\/Viernes-de-Tours-8-Ticiano-Torres-Peralta.jpeg\"><img loading=\"lazy\" class=\"alignnone size-thumbnail wp-image-701\" src=\"https:\/\/catedras.facet.unt.edu.ar\/labcc\/wp-content\/uploads\/sites\/114\/2019\/11\/Viernes-de-Tours-8-Ticiano-Torres-Peralta-150x150.jpeg\" alt=\"\" width=\"150\" height=\"150\" \/><\/a><\/p>\n","protected":false},"excerpt":{"rendered":"<p>Hoy tuvimos el placer de recibir a profesores y estudiantes de varias escuelas secundarias del interior de la provincia de Tucum\u00e1n, como parte de un programa organizado por Tutor\u00eda Estudiantil Exactas.<\/p>\n","protected":false},"author":101128,"featured_media":930,"comment_status":"closed","ping_status":"closed","sticky":false,"template":"","format":"standard","meta":[],"categories":[7,1],"tags":[13,36],"_links":{"self":[{"href":"https:\/\/catedras.facet.unt.edu.ar\/labcc\/wp-json\/wp\/v2\/posts\/693"}],"collection":[{"href":"https:\/\/catedras.facet.unt.edu.ar\/labcc\/wp-json\/wp\/v2\/posts"}],"about":[{"href":"https:\/\/catedras.facet.unt.edu.ar\/labcc\/wp-json\/wp\/v2\/types\/post"}],"author":[{"embeddable":true,"href":"https:\/\/catedras.facet.unt.edu.ar\/labcc\/wp-json\/wp\/v2\/users\/101128"}],"replies":[{"embeddable":true,"href":"https:\/\/catedras.facet.unt.edu.ar\/labcc\/wp-json\/wp\/v2\/comments?post=693"}],"version-history":[{"count":1,"href":"https:\/\/catedras.facet.unt.edu.ar\/labcc\/wp-json\/wp\/v2\/posts\/693\/revisions"}],"predecessor-version":[{"id":702,"href":"https:\/\/catedras.facet.unt.edu.ar\/labcc\/wp-json\/wp\/v2\/posts\/693\/revisions\/702"}],"wp:featuredmedia":[{"embeddable":true,"href":"https:\/\/catedras.facet.unt.edu.ar\/labcc\/wp-json\/wp\/v2\/media\/930"}],"wp:attachment":[{"href":"https:\/\/catedras.facet.unt.edu.ar\/labcc\/wp-json\/wp\/v2\/media?parent=693"}],"wp:term":[{"taxonomy":"category","embeddable":true,"href":"https:\/\/catedras.facet.unt.edu.ar\/labcc\/wp-json\/wp\/v2\/categories?post=693"},{"taxonomy":"post_tag","embeddable":true,"href":"https:\/\/catedras.facet.unt.edu.ar\/labcc\/wp-json\/wp\/v2\/tags?post=693"}],"curies":[{"name":"wp","href":"https:\/\/api.w.org\/{rel}","templated":true}]}}